{"id":4407,"date":"2026-01-19T10:54:28","date_gmt":"2026-01-19T09:54:28","guid":{"rendered":"https:\/\/sellasist.pl\/blog\/?p=4407"},"modified":"2026-01-29T12:50:07","modified_gmt":"2026-01-29T11:50:07","slug":"przyszlosc-e-commerce-w-twoich-rekach-spotkajmy-sie-na-9-edycji-etrade-show-w-warszawie","status":"publish","type":"post","link":"https:\/\/sellasist.pl\/blog\/przyszlosc-e-commerce-w-twoich-rekach-spotkajmy-sie-na-9-edycji-etrade-show-w-warszawie\/","title":{"rendered":"Przysz\u0142o\u015b\u0107 e-commerce w Twoich r\u0119kach. Spotkajmy si\u0119 na 9. edycji eTrade Show w Warszawie!"},"content":{"rendered":"\n<div class=\"wp-block-cover has-background-dim\" style=\"background-image:url(https:\/\/sellasist.pl\/blog\/wp-content\/uploads\/2026\/01\/OKLADKA-5.jpg)\"><div class=\"wp-block-cover__inner-container\">\n<p class=\"has-text-align-center has-large-font-size\"><\/p>\n<\/div><\/div>\n\n\n\n<p><\/p>\n\n\n\n<p>Dynamiczny rozw\u00f3j technologii, zmieniaj\u0105ce si\u0119 nawyki zakupowe i rosn\u0105ca konkurencja \u2013 handel online nie stoi w miejscu. Je\u015bli chcesz, aby Tw\u00f3j biznes nie tylko nad\u0105\u017ca\u0142 za zmianami, ale wyznacza\u0142 nowe standardy efektywno\u015bci, mamy dla Ciebie wyj\u0105tkowe zaproszenie.<\/p>\n\n\n\n<p>W dniach <strong>27-29 stycznia 2026 roku<\/strong> w Ptak Warsaw Expo odb\u0119dzie si\u0119 <a href=\"https:\/\/etradeshow.pl\/\" target=\"_blank\" rel=\"noreferrer noopener\"><strong><span class=\"has-inline-color has-luminous-vivid-orange-color\">9. edycja eTrade Show<\/span><\/strong><\/a> \u2013 najwa\u017cniejsze wydarzenie bran\u017cy e-commerce w Europie \u015arodkowej. Jako zesp\u00f3\u0142 Sellasist b\u0119dziemy tam dla Was, aby dzieli\u0107 si\u0119 wiedz\u0105, prezentowa\u0107 innowacje i wsp\u00f3lnie planowa\u0107 rozw\u00f3j Waszych biznes\u00f3w.<\/p>\n\n\n\n<h2>Dlaczego warto odwiedzi\u0107 stoisko <a href=\"https:\/\/sellasist.pl\/\" target=\"_blank\" rel=\"noreferrer noopener\"><span class=\"has-inline-color has-luminous-vivid-orange-color\">Sellasist<\/span><\/a> (<a href=\"https:\/\/etradeshow.pl\/katalog-wystawcow\/?exhibitor_id=5306\" target=\"_blank\" rel=\"noreferrer noopener\"><span class=\"has-inline-color has-luminous-vivid-orange-color\">E4.01<\/span><\/a>)?<\/h2>\n\n\n\n<p>W tym roku przygotowali\u015bmy przestrze\u0144 o powierzchni a\u017c <strong>77 m\u00b2<\/strong>, zaprojektowan\u0105 z my\u015bl\u0105 o merytorycznych rozmowach i budowaniu relacji. Nasze stoisko to nie tylko punkt informacyjny, to prawdziwe centrum logistyki i networkingu.<\/p>\n\n\n\n<div class=\"wp-block-image\"><figure class=\"aligncenter size-large\"><a href=\"https:\/\/docs.google.com\/forms\/d\/e\/1FAIpQLSecEprKPrU8w-btt6fJlYwxV72qpXe_FMe5U-TGLaeZLzmndg\/viewform\"><img width=\"1024\" height=\"512\" src=\"https:\/\/sellasist.pl\/blog\/wp-content\/uploads\/2026\/01\/banerek-1-1-1024x512.jpg\" alt=\"\" class=\"wp-image-4459\" srcset=\"https:\/\/sellasist.pl\/blog\/wp-content\/uploads\/2026\/01\/banerek-1-1-1024x512.jpg 1024w, https:\/\/sellasist.pl\/blog\/wp-content\/uploads\/2026\/01\/banerek-1-1-300x150.jpg 300w, https:\/\/sellasist.pl\/blog\/wp-content\/uploads\/2026\/01\/banerek-1-1-768x384.jpg 768w, https:\/\/sellasist.pl\/blog\/wp-content\/uploads\/2026\/01\/banerek-1-1-750x375.jpg 750w, https:\/\/sellasist.pl\/blog\/wp-content\/uploads\/2026\/01\/banerek-1-1-400x200.jpg 400w, https:\/\/sellasist.pl\/blog\/wp-content\/uploads\/2026\/01\/banerek-1-1.jpg 1200w\" sizes=\"(max-width: 1024px) 100vw, 1024px\" \/><\/a><\/figure><\/div>\n\n\n\n<p>Oto co dla Ciebie przygotowali\u015bmy: <strong>Warsztaty z <\/strong><a href=\"https:\/\/sellasist.pl\/aplikacja-do-obslugi-magazynu-i-zamowien\" target=\"_blank\" rel=\"noreferrer noopener\"><strong>Sellasist WMS<\/strong><\/a><strong> (28 stycznia):<\/strong> Zarz\u0105dzanie magazynem to serce ka\u017cdego e-commerce. Zapraszamy na specjalne, 4-godzinne warsztaty po\u015bwi\u0119cone naszej aplikacji WMS. Przy profesjonalnym stole do pakowania dowiesz si\u0119, jak zoptymalizowa\u0107 procesy wysy\u0142kowe. To unikalna okazja, by porozmawia\u0107 bezpo\u015brednio z <strong>\u0141ukaszem Sad\u0142owskim, Product Owner Sellasist<\/strong>, i pozna\u0107 kulisy tworzenia narz\u0119dzi wspieraj\u0105cych tysi\u0105ce sprzedawc\u00f3w.<\/p>\n\n\n\n<div class=\"wp-block-buttons aligncenter\">\n<div class=\"wp-block-button\"><a class=\"wp-block-button__link has-luminous-vivid-orange-to-vivid-red-gradient-background has-background\" href=\"https:\/\/docs.google.com\/forms\/d\/e\/1FAIpQLSecEprKPrU8w-btt6fJlYwxV72qpXe_FMe5U-TGLaeZLzmndg\/viewform\" target=\"_blank\" rel=\"noreferrer noopener\"><strong><span class=\"has-inline-color has-white-color\">Chcesz wzi\u0105\u0107 udzia\u0142? WYPE\u0141NIJ ANKIET\u0118 UDZIA\u0141U<\/span><\/strong><\/a><\/div>\n<\/div>\n\n\n\n<p>Warsztaty odbywaj\u0105 si\u0119 zgodnie z poni\u017csz\u0105 struktur\u0105:<\/p>\n\n\n\n<h3><strong>Cz\u0119\u015b\u0107 I \u2013 Panel Sellasist<\/strong><\/h3>\n\n\n\n<p>11:00 \u2013 13:00 \u2014 Praca w panelu Sellasist:<\/p>\n\n\n\n<ul><li>modu\u0142y<\/li><li>automatyzacje<\/li><li>obs\u0142uga zam\u00f3wie\u0144<\/li><\/ul>\n\n\n\n<h3><strong>Cz\u0119\u015b\u0107 II \u2013 Strefa magazynowa Sellasist WMS&nbsp;<\/strong><\/h3>\n\n\n\n<p>13:00 \u2013 15:00 \u2014 Praktyczna prezentacja proces\u00f3w magazynowych<\/p>\n\n\n\n<p>Operacje magazynowe w realnym \u015brodowisku:<\/p>\n\n\n\n<ul><li>Przyj\u0119cie magazynowe<\/li><li>Rozlokowanie towaru<\/li><li>Przesuni\u0119cia magazynowe<\/li><li>Uzupe\u0142nianie brak\u00f3w<\/li><li>Zbieranie (kompletacja)<\/li><li>Pakowanie<\/li><li>Inwentaryzacja&nbsp;<\/li><\/ul>\n\n\n\n<h3><strong>Go\u015bcie specjalni z <\/strong><a href=\"https:\/\/www.temu.com\/pl\" target=\"_blank\" rel=\"noreferrer noopener\"><strong><span class=\"has-inline-color has-luminous-vivid-orange-color\">TEMU<\/span><\/strong><\/a><\/h3>\n\n\n\n<p>W ramach naszego partnerstwa, na stoisku Sellasist go\u015bci\u0107 b\u0119dziemy 4 przedstawicieli platformy TEMU. To doskona\u0142a okazja, by z pierwszej r\u0119ki dowiedzie\u0107 si\u0119 o mo\u017cliwo\u015bciach ekspansji na nowe rynki i strategii sprzeda\u017cy na tej globalnej platformie.<\/p>\n\n\n\n<h3><strong>Go\u015bcie specjalni z <a href=\"https:\/\/romicore.pl\/\" target=\"_blank\" rel=\"noreferrer noopener\"><span class=\"has-inline-color has-luminous-vivid-orange-color\">Romicore<\/span><\/a><\/strong> <\/h3>\n\n\n\n<p>Spotkaj si\u0119 z ekspertami agencji Romicore, kt\u00f3rzy podziel\u0105 si\u0119 wiedz\u0105 o skalowaniu sprzeda\u017cy. Dowiedz si\u0119, jak dzi\u0119ki m\u0105drym integracjom i automatyzacjom poprawi\u0107 do\u015bwiadczenia Twoich klient\u00f3w i odci\u0105\u017cy\u0107 Tw\u00f3j zesp\u00f3\u0142.<\/p>\n\n\n\n<h3><strong>Strefa Networkingu<\/strong><\/h3>\n\n\n\n<p>Potrzebujesz chwili na spokojn\u0105 rozmow\u0119 o rozwoju Twojego biznesu? Nasza dedykowana strefa pozwoli na wymian\u0119 do\u015bwiadcze\u0144 w komfortowych warunkach.<\/p>\n\n\n\n<h2>Zdob\u0105d\u017a wiedz\u0119, kt\u00f3ra procentuje<\/h2>\n\n\n\n<p>eTrade Show to nie tylko targi, to przede wszystkim pot\u0119\u017cna dawka wiedzy. Podczas wydarzenia b\u0119dziesz m\u00f3g\u0142:<\/p>\n\n\n\n<ul><li>Pozna\u0107 najnowsze trendy w logistyce i zarz\u0105dzaniu sprzeda\u017c\u0105.<\/li><li>Wzi\u0105\u0107 udzia\u0142 w kongresie bran\u017cowym i warsztatach prowadzonych przez praktyk\u00f3w.<\/li><li>Por\u00f3wna\u0107 najlepsze oferty na rynku w jednym miejscu.<\/li><\/ul>\n\n\n\n<div class=\"wp-block-image\"><figure class=\"aligncenter size-large\"><a href=\"https:\/\/etradeshow.pl\/katalog-wystawcow\/?exhibitor_id=5306\"><img width=\"1024\" height=\"148\" src=\"https:\/\/sellasist.pl\/blog\/wp-content\/uploads\/2026\/01\/cta-1024x148.jpg\" alt=\"Dlaczego warto odwiedzi\u0107 stoisko Sellasist (E4.01)?\" class=\"wp-image-4409\" srcset=\"https:\/\/sellasist.pl\/blog\/wp-content\/uploads\/2026\/01\/cta-1024x148.jpg 1024w, https:\/\/sellasist.pl\/blog\/wp-content\/uploads\/2026\/01\/cta-300x44.jpg 300w, https:\/\/sellasist.pl\/blog\/wp-content\/uploads\/2026\/01\/cta-768x111.jpg 768w, https:\/\/sellasist.pl\/blog\/wp-content\/uploads\/2026\/01\/cta-400x58.jpg 400w, https:\/\/sellasist.pl\/blog\/wp-content\/uploads\/2026\/01\/cta.jpg 1200w\" sizes=\"(max-width: 1024px) 100vw, 1024px\" \/><\/a><\/figure><\/div>\n\n\n\n<h2>Odbierz darmow\u0105 wej\u015bci\u00f3wk\u0119!<\/h2>\n\n\n\n<p>Nie przegap okazji do rozwoju swojego biznesu. Zarejestruj si\u0119 ju\u017c teraz i odbierz darmowy bilet na wydarzenie.<\/p>\n\n\n\n<p>\ud83d\udc49 <a href=\"https:\/\/etradeshow.pl\/rejestracja\/\" target=\"_blank\" rel=\"noreferrer noopener\"><strong><span class=\"has-inline-color has-luminous-vivid-orange-color\">Zarejestruj si\u0119 i odbierz darmow\u0105 wej\u015bci\u00f3wk\u0119<\/span><\/strong><\/a><\/p>\n\n\n\n<p>\ud83d\udc49 <a href=\"https:\/\/etradeshow.pl\/\" target=\"_blank\" rel=\"noreferrer noopener\"><strong><span class=\"has-inline-color has-luminous-vivid-orange-color\">Wi\u0119cej o eTrade Show<\/span><\/strong><\/a><\/p>\n\n\n\n<p class=\"has-text-align-center\">Do zobaczenia na stoisku <a href=\"https:\/\/etradeshow.pl\/katalog-wystawcow\/?exhibitor_id=5306\" target=\"_blank\" rel=\"noreferrer noopener\"><strong><span class=\"has-inline-color has-luminous-vivid-orange-color\">E4.01<\/span><\/strong><\/a> w Ptak Warsaw Expo! Razem wyniesiemy Tw\u00f3j e-commerce na wy\u017cszy poziom.<\/p>\n\n\n<div class=\"kk-star-ratings kksr-auto kksr-align-left kksr-valign-bottom kksr-disabled\"\n    data-payload='{&quot;align&quot;:&quot;left&quot;,&quot;id&quot;:&quot;4407&quot;,&quot;readonly&quot;:&quot;1&quot;,&quot;slug&quot;:&quot;default&quot;,&quot;valign&quot;:&quot;bottom&quot;,&quot;ignore&quot;:&quot;&quot;,&quot;reference&quot;:&quot;auto&quot;,&quot;class&quot;:&quot;&quot;,&quot;count&quot;:&quot;1&quot;,&quot;legendonly&quot;:&quot;&quot;,&quot;score&quot;:&quot;5&quot;,&quot;starsonly&quot;:&quot;&quot;,&quot;best&quot;:&quot;5&quot;,&quot;gap&quot;:&quot;4&quot;,&quot;greet&quot;:&quot;Oce\u0144 post&quot;,&quot;legend&quot;:&quot;5\\\/5 - (1 vote)&quot;,&quot;size&quot;:&quot;24&quot;,&quot;title&quot;:&quot;Przysz\u0142o\u015b\u0107 e-commerce w Twoich r\u0119kach. Spotkajmy si\u0119 na 9. edycji eTrade Show w Warszawie!&quot;,&quot;width&quot;:&quot;138&quot;,&quot;_legend&quot;:&quot;{score}\\\/{best} - ({count} {votes})&quot;,&quot;font_factor&quot;:&quot;1.25&quot;}'>\n            \n<div class=\"kksr-stars\">\n    \n<div class=\"kksr-stars-inactive\">\n            <div class=\"kksr-star\" data-star=\"1\" style=\"padding-right: 4px\">\n            \n\n<div class=\"kksr-icon\" style=\"width: 24px; height: 24px;\"><\/div>\n        <\/div>\n            <div class=\"kksr-star\" data-star=\"2\" style=\"padding-right: 4px\">\n            \n\n<div class=\"kksr-icon\" style=\"width: 24px; height: 24px;\"><\/div>\n        <\/div>\n            <div class=\"kksr-star\" data-star=\"3\" style=\"padding-right: 4px\">\n            \n\n<div class=\"kksr-icon\" style=\"width: 24px; height: 24px;\"><\/div>\n        <\/div>\n            <div class=\"kksr-star\" data-star=\"4\" style=\"padding-right: 4px\">\n            \n\n<div class=\"kksr-icon\" style=\"width: 24px; height: 24px;\"><\/div>\n        <\/div>\n            <div class=\"kksr-star\" data-star=\"5\" style=\"padding-right: 4px\">\n            \n\n<div class=\"kksr-icon\" style=\"width: 24px; height: 24px;\"><\/div>\n        <\/div>\n    <\/div>\n    \n<div class=\"kksr-stars-active\" style=\"width: 138px;\">\n            <div class=\"kksr-star\" style=\"padding-right: 4px\">\n            \n\n<div class=\"kksr-icon\" style=\"width: 24px; height: 24px;\"><\/div>\n        <\/div>\n            <div class=\"kksr-star\" style=\"padding-right: 4px\">\n            \n\n<div class=\"kksr-icon\" style=\"width: 24px; height: 24px;\"><\/div>\n        <\/div>\n            <div class=\"kksr-star\" style=\"padding-right: 4px\">\n            \n\n<div class=\"kksr-icon\" style=\"width: 24px; height: 24px;\"><\/div>\n        <\/div>\n            <div class=\"kksr-star\" style=\"padding-right: 4px\">\n            \n\n<div class=\"kksr-icon\" style=\"width: 24px; height: 24px;\"><\/div>\n        <\/div>\n            <div class=\"kksr-star\" style=\"padding-right: 4px\">\n            \n\n<div class=\"kksr-icon\" style=\"width: 24px; height: 24px;\"><\/div>\n        <\/div>\n    <\/div>\n<\/div>\n                \n\n<div class=\"kksr-legend\" style=\"font-size: 19.2px;\">\n            5\/5 - (1 vote)    <\/div>\n    <\/div>\n","protected":false},"excerpt":{"rendered":"<p>W dniach 27-29 stycznia 2026 roku w Ptak Warsaw Expo odb\u0119dzie si\u0119 9. edycja eTrade Show \u2013 najwa\u017cniejsze wydarzenie bran\u017cy e-commerce w Europie \u015arodkowej. Jako zesp\u00f3\u0142 Sellasist b\u0119dziemy tam dla Was, aby dzieli\u0107 si\u0119 wiedz\u0105, prezentowa\u0107 innowacje i wsp\u00f3lnie planowa\u0107 rozw\u00f3j Waszych biznes\u00f3w.<\/p>\n","protected":false},"author":9,"featured_media":4408,"comment_status":"open","ping_status":"open","sticky":false,"template":"","format":"standard","meta":[],"categories":[33,737],"tags":[783,786,787,782,788,789,784,785],"yoast_head":"<!-- This site is optimized with the Yoast SEO plugin v15.6.2 - https:\/\/yoast.com\/wordpress\/plugins\/seo\/ -->\n<title>Przysz\u0142o\u015b\u0107 e-commerce w Twoich r\u0119kach. Spotkajmy si\u0119 na 9. edycji eTrade Show w Warszawie! - Blog Sellasist<\/title>\n<meta name=\"robots\" content=\"index, follow, max-snippet:-1, max-image-preview:large, max-video-preview:-1\" \/>\n<link rel=\"canonical\" href=\"https:\/\/sellasist.pl\/blog\/przyszlosc-e-commerce-w-twoich-rekach-spotkajmy-sie-na-9-edycji-etrade-show-w-warszawie\/\" \/>\n<meta property=\"og:locale\" content=\"pl_PL\" \/>\n<meta property=\"og:type\" content=\"article\" \/>\n<meta property=\"og:title\" content=\"Przysz\u0142o\u015b\u0107 e-commerce w Twoich r\u0119kach. Spotkajmy si\u0119 na 9. edycji eTrade Show w Warszawie! - Blog Sellasist\" \/>\n<meta property=\"og:description\" content=\"W dniach 27-29 stycznia 2026 roku w Ptak Warsaw Expo odb\u0119dzie si\u0119 9. edycja eTrade Show \u2013 najwa\u017cniejsze wydarzenie bran\u017cy e-commerce w Europie \u015arodkowej. Jako zesp\u00f3\u0142 Sellasist b\u0119dziemy tam dla Was, aby dzieli\u0107 si\u0119 wiedz\u0105, prezentowa\u0107 innowacje i wsp\u00f3lnie planowa\u0107 rozw\u00f3j Waszych biznes\u00f3w.\" \/>\n<meta property=\"og:url\" content=\"https:\/\/sellasist.pl\/blog\/przyszlosc-e-commerce-w-twoich-rekach-spotkajmy-sie-na-9-edycji-etrade-show-w-warszawie\/\" \/>\n<meta property=\"og:site_name\" content=\"Blog Sellasist\" \/>\n<meta property=\"article:published_time\" content=\"2026-01-19T09:54:28+00:00\" \/>\n<meta property=\"article:modified_time\" content=\"2026-01-29T11:50:07+00:00\" \/>\n<meta property=\"og:image\" content=\"https:\/\/sellasist.pl\/blog\/wp-content\/uploads\/2026\/01\/OKLADKA-5-1024x683.jpg\" \/>\n\t<meta property=\"og:image:width\" content=\"1024\" \/>\n\t<meta property=\"og:image:height\" content=\"683\" \/>\n<meta name=\"twitter:card\" content=\"summary_large_image\" \/>\n<script type=\"application\/ld+json\" class=\"yoast-schema-graph\">{\"@context\":\"https:\/\/schema.org\",\"@graph\":[{\"@type\":\"WebSite\",\"@id\":\"https:\/\/sellasist.pl\/blog\/#website\",\"url\":\"https:\/\/sellasist.pl\/blog\/\",\"name\":\"Blog Sellasist\",\"description\":\"Najlepsze oprogramowanie do do wielokana\\u0142owej sprzeda\\u017cy na Allegro, eBay oraz na wielu innych. Posiadamy wiele r\\u00f3\\u017cnych integracji. Sprawd\\u017a teraz!\",\"potentialAction\":[{\"@type\":\"SearchAction\",\"target\":\"https:\/\/sellasist.pl\/blog\/?s={search_term_string}\",\"query-input\":\"required name=search_term_string\"}],\"inLanguage\":\"pl-PL\"},{\"@type\":\"ImageObject\",\"@id\":\"https:\/\/sellasist.pl\/blog\/przyszlosc-e-commerce-w-twoich-rekach-spotkajmy-sie-na-9-edycji-etrade-show-w-warszawie\/#primaryimage\",\"inLanguage\":\"pl-PL\",\"url\":\"https:\/\/sellasist.pl\/blog\/wp-content\/uploads\/2026\/01\/OKLADKA-5.jpg\",\"width\":1920,\"height\":1280,\"caption\":\"Przysz\\u0142o\\u015b\\u0107 e-commerce w Twoich r\\u0119kach. Spotkajmy si\\u0119 na 9. edycji eTrade Show w Warszawie!\"},{\"@type\":\"WebPage\",\"@id\":\"https:\/\/sellasist.pl\/blog\/przyszlosc-e-commerce-w-twoich-rekach-spotkajmy-sie-na-9-edycji-etrade-show-w-warszawie\/#webpage\",\"url\":\"https:\/\/sellasist.pl\/blog\/przyszlosc-e-commerce-w-twoich-rekach-spotkajmy-sie-na-9-edycji-etrade-show-w-warszawie\/\",\"name\":\"Przysz\\u0142o\\u015b\\u0107 e-commerce w Twoich r\\u0119kach. Spotkajmy si\\u0119 na 9. edycji eTrade Show w Warszawie! - Blog Sellasist\",\"isPartOf\":{\"@id\":\"https:\/\/sellasist.pl\/blog\/#website\"},\"primaryImageOfPage\":{\"@id\":\"https:\/\/sellasist.pl\/blog\/przyszlosc-e-commerce-w-twoich-rekach-spotkajmy-sie-na-9-edycji-etrade-show-w-warszawie\/#primaryimage\"},\"datePublished\":\"2026-01-19T09:54:28+00:00\",\"dateModified\":\"2026-01-29T11:50:07+00:00\",\"author\":{\"@id\":\"https:\/\/sellasist.pl\/blog\/#\/schema\/person\/ab852df35270c7658f59d16687e17c12\"},\"inLanguage\":\"pl-PL\",\"potentialAction\":[{\"@type\":\"ReadAction\",\"target\":[\"https:\/\/sellasist.pl\/blog\/przyszlosc-e-commerce-w-twoich-rekach-spotkajmy-sie-na-9-edycji-etrade-show-w-warszawie\/\"]}]},{\"@type\":\"Person\",\"@id\":\"https:\/\/sellasist.pl\/blog\/#\/schema\/person\/ab852df35270c7658f59d16687e17c12\",\"name\":\"Aleksy Krause\",\"image\":{\"@type\":\"ImageObject\",\"@id\":\"https:\/\/sellasist.pl\/blog\/#personlogo\",\"inLanguage\":\"pl-PL\",\"url\":\"https:\/\/secure.gravatar.com\/avatar\/e4f39c57e2278fae9d806f0163d69f57?s=96&d=identicon&r=g\",\"caption\":\"Aleksy Krause\"}}]}<\/script>\n<!-- \/ Yoast SEO plugin. -->","_links":{"self":[{"href":"https:\/\/sellasist.pl\/blog\/wp-json\/wp\/v2\/posts\/4407"}],"collection":[{"href":"https:\/\/sellasist.pl\/blog\/wp-json\/wp\/v2\/posts"}],"about":[{"href":"https:\/\/sellasist.pl\/blog\/wp-json\/wp\/v2\/types\/post"}],"author":[{"embeddable":true,"href":"https:\/\/sellasist.pl\/blog\/wp-json\/wp\/v2\/users\/9"}],"replies":[{"embeddable":true,"href":"https:\/\/sellasist.pl\/blog\/wp-json\/wp\/v2\/comments?post=4407"}],"version-history":[{"count":10,"href":"https:\/\/sellasist.pl\/blog\/wp-json\/wp\/v2\/posts\/4407\/revisions"}],"predecessor-version":[{"id":4584,"href":"https:\/\/sellasist.pl\/blog\/wp-json\/wp\/v2\/posts\/4407\/revisions\/4584"}],"wp:featuredmedia":[{"embeddable":true,"href":"https:\/\/sellasist.pl\/blog\/wp-json\/wp\/v2\/media\/4408"}],"wp:attachment":[{"href":"https:\/\/sellasist.pl\/blog\/wp-json\/wp\/v2\/media?parent=4407"}],"wp:term":[{"taxonomy":"category","embeddable":true,"href":"https:\/\/sellasist.pl\/blog\/wp-json\/wp\/v2\/categories?post=4407"},{"taxonomy":"post_tag","embeddable":true,"href":"https:\/\/sellasist.pl\/blog\/wp-json\/wp\/v2\/tags?post=4407"}],"curies":[{"name":"wp","href":"https:\/\/api.w.org\/{rel}","templated":true}]}}